{"id":1003,"date":"2014-11-07T08:00:32","date_gmt":"2014-11-07T07:00:32","guid":{"rendered":"http:\/\/www.any-where.de\/blog\/?p=1003"},"modified":"2014-11-01T14:40:16","modified_gmt":"2014-11-01T13:40:16","slug":"band-of-the-week-vol-26-roisin-o","status":"publish","type":"post","link":"https:\/\/www.any-where.de\/blog\/band-of-the-week-vol-26-roisin-o\/","title":{"rendered":"Band of the Week &#8211; Vol. 26: R\u00f3is\u00edn O"},"content":{"rendered":"<p>R\u00f3is\u00edn O ist eine irische Folk-Rock-Pop-K\u00fcnstlerin. Das Album &#8220;The Secret Life of Blue&#8221; erschien bereits 2013. Im n\u00e4chsten Jahr ist sie mit ihrer ersten eigenen Tour in Deutschland unterwegs. Ihre Songs\u00a0sind\u00a0sehr vielseitig: Vom energetischen ersten Song des Albums\u00a0&#8220;Here we go&#8221; bis hin zum nachdenklichen\u00a0Titelsong des Albums\u00a0&#8220;The Secret Live of Blue&#8221; bietet sie\u00a0ein breites Spektrum. Mich pers\u00f6nlich erinnert ihr Stil\u00a0an den von Wallis Bird, ebenfalls eine irische K\u00fcnstlerin.<\/p>\n<p>R\u00f3is\u00edn O ist die Tochter von Mary Black, einer bekannten irischen S\u00e4ngerin, die\u00a0auch in Deutschland gro\u00dfe Popularit\u00e4t genie\u00dft. \u00dcberhaupt ist die ganze Familie sehr musikalisch: Ihr Bruder ist der Frontmann der Dubliner Band The Coronas.<\/p>\n<p><iframe loading=\"lazy\" src=\"https:\/\/embed.spotify.com\/?uri=spotify:album:65OvuyfhH6oC2C7bMDU2qf\" width=\"300\" height=\"380\" frameborder=\"0\"><\/iframe><\/p>\n","protected":false},"excerpt":{"rendered":"<p>R\u00f3is\u00edn O ist eine irische Folk-Rock-Pop-K\u00fcnstlerin. Das Album &#8220;The Secret Life of Blue&#8221; erschien bereits 2013. Im n\u00e4chsten Jahr ist sie mit ihrer ersten eigenen Tour in Deutschland unterwegs. Ihre Songs\u00a0sind\u00a0sehr vielseitig: Vom energetischen ersten Song des Albums\u00a0&#8220;Here we go&#8221; bis hin zum nachdenklichen\u00a0Titelsong des Albums\u00a0&#8220;The Secret Live of Blue&#8221; bietet sie\u00a0ein breites Spektrum. Mich &hellip; <\/p>\n<p class=\"link-more\"><a href=\"https:\/\/www.any-where.de\/blog\/band-of-the-week-vol-26-roisin-o\/\" class=\"more-link\">Continue reading<span class=\"screen-reader-text\"> &#8220;Band of the Week &#8211; Vol. 26: R\u00f3is\u00edn O&#8221;<\/span><\/a><\/p>\n","protected":false},"author":2,"featured_media":0,"comment_status":"open","ping_status":"open","sticky":false,"template":"","format":"standard","meta":{"footnotes":""},"categories":[234,166],"tags":[],"class_list":["post-1003","post","type-post","status-publish","format-standard","hentry","category-band-of-the-week","category-german"],"aioseo_notices":[],"_links":{"self":[{"href":"https:\/\/www.any-where.de\/blog\/wp-json\/wp\/v2\/posts\/1003","targetHints":{"allow":["GET"]}}],"collection":[{"href":"https:\/\/www.any-where.de\/blog\/wp-json\/wp\/v2\/posts"}],"about":[{"href":"https:\/\/www.any-where.de\/blog\/wp-json\/wp\/v2\/types\/post"}],"author":[{"embeddable":true,"href":"https:\/\/www.any-where.de\/blog\/wp-json\/wp\/v2\/users\/2"}],"replies":[{"embeddable":true,"href":"https:\/\/www.any-where.de\/blog\/wp-json\/wp\/v2\/comments?post=1003"}],"version-history":[{"count":2,"href":"https:\/\/www.any-where.de\/blog\/wp-json\/wp\/v2\/posts\/1003\/revisions"}],"predecessor-version":[{"id":1005,"href":"https:\/\/www.any-where.de\/blog\/wp-json\/wp\/v2\/posts\/1003\/revisions\/1005"}],"wp:attachment":[{"href":"https:\/\/www.any-where.de\/blog\/wp-json\/wp\/v2\/media?parent=1003"}],"wp:term":[{"taxonomy":"category","embeddable":true,"href":"https:\/\/www.any-where.de\/blog\/wp-json\/wp\/v2\/categories?post=1003"},{"taxonomy":"post_tag","embeddable":true,"href":"https:\/\/www.any-where.de\/blog\/wp-json\/wp\/v2\/tags?post=1003"}],"curies":[{"name":"wp","href":"https:\/\/api.w.org\/{rel}","templated":true}]}}