{"id":12,"date":"2008-01-23T18:50:09","date_gmt":"2008-01-23T17:50:09","guid":{"rendered":"http:\/\/www.le-matt.de\/blog\/kurzfristiges-irland\/"},"modified":"2008-01-23T18:50:51","modified_gmt":"2008-01-23T17:50:51","slug":"kurzfristiges-irland","status":"publish","type":"post","link":"https:\/\/www.any-where.de\/blog\/kurzfristiges-irland\/","title":{"rendered":"Kurzfristiges Irland"},"content":{"rendered":"<p>Zum sechsten Mal stiegen wir im Januar in den Flieger und starteten in Richtung Dublin. Wie immer ist diese Stadt jede Reise wert. Auch, wenn sie sicherlich nicht zu den sch\u00f6nsten der europ\u00e4ischen Hauptst\u00e4dte z\u00e4hlt, so ist sie doch sicher eine der charakterreichsten.<\/p>\n<p>Diesesmal waren wir aber (nicht nur) privat dort, sondern haupts\u00e4chlich, um mir eine Wohnung zu suchen, welche ich dann ab M\u00e4rz f\u00fcr ein halbes Jahr beziehen k\u00f6nnte. Was ich mir vorher schon gedacht hatte und was ich bef\u00fcrchtete, wurde war: Ich fand keine. Und somit wurde aus der Reise nun doch ein reines &#8220;Urlaubs-Kulturvergn\u00fcgen.&#8221;<\/p>\n<p>Wer nach Irland ziehen will, muss wissen, dass Umz\u00fcge dort viel spontaner \u00fcber die B\u00fchne gehen. Zumindest dann, wenn man ein Zimmer in einer Wohnung oder einem Haus sucht. F\u00fcr das Gl\u00fcck der eigenen Wohnung oder des eigenen Hauses muss man in den allermeisten F\u00e4llen einen Jahresvertrag abschlie\u00dfen, was bei einer Aufenthaltsdauer von sechs Monaten f\u00fcr mich nicht in Frage kommt. Beim Thema Zimmer sind die Dubliner Mieter sehr flexibel: Alle Apartments sind m\u00f6bliert, das heisst, zum Umziehen packt man seine sieben Sachen und ist schnell &#8220;eins weiter&#8221; gezogen.<\/p>\n<p>Genau daraus resultiert auch das Ph\u00e4nomen, dass die Zimmeranzeigen, die mir <a href=\"http:\/\/www.daft.ie\" target=\"_blank\">Daft.ie<\/a> t\u00e4glich schickt, einen Einzugstermin fr\u00fchestens mit zwei Wochen Vorlauf, allermeistens jedoch ab sofort anbieten. Klar, dass meine Chancen, ein Zimmer zu finden, somit im Januar sehr schlecht stehen.<\/p>\n<p>Es hei\u00dft also: Auf ein Neues Ende Februar.<\/p>\n","protected":false},"excerpt":{"rendered":"<p>Zum sechsten Mal stiegen wir im Januar in den Flieger und starteten in Richtung Dublin. Wie immer ist diese Stadt jede Reise wert. Auch, wenn sie sicherlich nicht zu den sch\u00f6nsten der europ\u00e4ischen Hauptst\u00e4dte z\u00e4hlt, so ist sie doch sicher eine der charakterreichsten. Diesesmal waren wir aber (nicht nur) privat dort, sondern haupts\u00e4chlich, um mir &hellip; <\/p>\n<p class=\"link-more\"><a href=\"https:\/\/www.any-where.de\/blog\/kurzfristiges-irland\/\" class=\"more-link\">Continue reading<span class=\"screen-reader-text\"> &#8220;Kurzfristiges Irland&#8221;<\/span><\/a><\/p>\n","protected":false},"author":2,"featured_media":0,"comment_status":"open","ping_status":"open","sticky":false,"template":"","format":"standard","meta":{"footnotes":""},"categories":[13],"tags":[242],"class_list":["post-12","post","type-post","status-publish","format-standard","hentry","category-irland","tag-irland"],"aioseo_notices":[],"_links":{"self":[{"href":"https:\/\/www.any-where.de\/blog\/wp-json\/wp\/v2\/posts\/12","targetHints":{"allow":["GET"]}}],"collection":[{"href":"https:\/\/www.any-where.de\/blog\/wp-json\/wp\/v2\/posts"}],"about":[{"href":"https:\/\/www.any-where.de\/blog\/wp-json\/wp\/v2\/types\/post"}],"author":[{"embeddable":true,"href":"https:\/\/www.any-where.de\/blog\/wp-json\/wp\/v2\/users\/2"}],"replies":[{"embeddable":true,"href":"https:\/\/www.any-where.de\/blog\/wp-json\/wp\/v2\/comments?post=12"}],"version-history":[{"count":0,"href":"https:\/\/www.any-where.de\/blog\/wp-json\/wp\/v2\/posts\/12\/revisions"}],"wp:attachment":[{"href":"https:\/\/www.any-where.de\/blog\/wp-json\/wp\/v2\/media?parent=12"}],"wp:term":[{"taxonomy":"category","embeddable":true,"href":"https:\/\/www.any-where.de\/blog\/wp-json\/wp\/v2\/categories?post=12"},{"taxonomy":"post_tag","embeddable":true,"href":"https:\/\/www.any-where.de\/blog\/wp-json\/wp\/v2\/tags?post=12"}],"curies":[{"name":"wp","href":"https:\/\/api.w.org\/{rel}","templated":true}]}}