{"id":1343,"date":"2019-10-01T16:09:50","date_gmt":"2019-10-01T15:09:50","guid":{"rendered":"http:\/\/www.any-where.de\/blog\/?p=1343"},"modified":"2019-10-30T10:58:06","modified_gmt":"2019-10-30T09:58:06","slug":"5-tipps-um-den-tag-mit-allen-sinnen-zu-starten","status":"publish","type":"post","link":"https:\/\/www.any-where.de\/blog\/5-tipps-um-den-tag-mit-allen-sinnen-zu-starten\/","title":{"rendered":"5 Tipps um den Tag mit allen Sinnen zu starten."},"content":{"rendered":"\n<p>Meine pers\u00f6nliche Challenge ist es, mein Handeln so bewusst wie m\u00f6glich zu gestalten. Dadurch m\u00f6chte ich als Coach und F\u00fchrungskraft den n\u00f6tigen Fokus auf meine Arbeit und die Menschen innerhalb meiner Organisation erreichen. Heute erz\u00e4hle ich davon, wie ich den Start des Tages mit einigen kleinen Ritualen versehen habe, die mir helfen, meine Sinne zu sch\u00e4rfen und mit einem gr\u00f6\u00dferen Bewusstsein durch den Tag zu gehen.<\/p>\n\n\n\n<!--more-->\n\n\n\n<p>Mir ist der Start in den Tag wichtig. Auch, wenn gerade diese Tageszeit von Automatismen gepr\u00e4gt ist, m\u00f6chte ich den Morgen als &#8220;Erlebnis der Sinne&#8221; gestalten. Das klingt fast esoterisch, bedeutet f\u00fcr mich aber einen ganz bewussten Start in den Tag.<\/p>\n\n\n\n<p>Meine Annahme: Zwischen all den Dingen wie Aufstehen, Duschen, Tochter fertig machen, zur Krippe gehen und sich dann auf den Weg zur Arbeit machen m\u00fcsste es doch m\u00f6glich sein, Platz f\u00fcr bewusstes Handeln zu finden und seine Sinne zu sch\u00e4rfen. Das m\u00fcsste doch der perfekte Start in den Tag sein!<\/p>\n\n\n\n<h2 class=\"wp-block-heading\">1. Gustatorisch<\/h2>\n\n\n\n<p>Gesagt getan: Heute gelingt mir das, in dem ich die Dinge, die ich gerne tue, weil ich sie mag, versuche, bewusst wahrzunehmen. Beispielsweise die erste Tasse Tee, die ich morgens trinke. Ich freue mich richtig auf den ersten Schluck meines English Breakfast Tea, den ich jeden morgen zu mir nehme. Es ist ein Moment, den ich ganz genie\u00dfe und der wie ein Kick-Start in meinen Tag ist. <\/p>\n\n\n\n<h2 class=\"wp-block-heading\">2. Olfaktorisch<\/h2>\n\n\n\n<p>Beim Gang nach drau\u00dfen nutze ich auch eine Sekunde meiner Zeit bewusst, um meine Wahrnehmung weiter zu sch\u00e4rfen: die frische Luft einzuatmen und ganz bewusst den Duft des Morgens oder auch der Stadt wahrzunehmen, l\u00e4sst mich immer noch etwas mehr im Tag ankommen.<\/p>\n\n\n\n<h2 class=\"wp-block-heading\">3. Kin\u00e4sthetisch<\/h2>\n\n\n\n<p>Das geht auch einher mit der Wahrnehmung vom Wetter: Wie kalt ist es, wie hei\u00df? Regnet es, ist es trocken? Dies bewusst wahr- statt hinzunehmen ist ebenfalls ein sch\u00f6ner Moment am morgen.<\/p>\n\n\n\n<h2 class=\"wp-block-heading\">4. Visuell<\/h2>\n\n\n\n<p>Auch kann man morgens schon seine visuelle Wahrnehmung sch\u00e4rfen: Ich mache morgens oft ein Foto auf dem Weg zur Arbeit. Von irgendetwas, das mir auff\u00e4llt. Stra\u00dfe, H\u00e4user, Pflanzen, Parks. Was auch immer es ist. Auch versuche ich, die Zeit, die ich zum Beispiel an einer Ampel verbringe, zu nutzen, in dem ich mir etwas anschaue. Damit meine ich nicht das Handy. Sondern wieder einfach etwas, das mir auff\u00e4llt. Bspw. ein Aufkleber an einer Ampel. Oder die Struktur einer Hauswand. Es gibt so spannende kleine Dinge, mit denen du die Zeit des Wartens verbringen kannst. Das schult den Blick f\u00fcr kleine Dinge enorm und es ist so erstaunlich, was unser Gehirn mit solchen Impulsen kreativ anstellen kann. Sofort stellt es Bez\u00fcge her zum Gesehenen und flechtet es ein in kreativen Ideen. <\/p>\n\n\n\n<h2 class=\"wp-block-heading\">5. Akustisch<\/h2>\n\n\n\n<p>Visuell, olfaktorisch, gustatorisch und kin\u00e4sthetisch w\u00e4ren somit aktiviert, bleibt noch das H\u00f6rerlebnis, das auch nicht zu kurz kommen soll: Der Weg zur Arbeit morgens ist meine Podcast-Zeit. Ich nutze diese Zeit zum Lernen. Statt Musik auf dem Fahrrad oder Handy in der Bahn h\u00f6re ich Podcasts zu Themen, die mich interessieren. Die Themenvielfalt ist so gro\u00df &#8211; ob beruflich oder privat gibt es viel mehr Inhalte als ich jemals h\u00f6ren k\u00f6nnte. <\/p>\n\n\n\n<h2 class=\"wp-block-heading\">Ergibt Sinn f\u00fcr mich.<\/h2>\n\n\n\n<p>Diese Routine hilft mir, bewusst in den Tag zu starten. Es gibt sicher 100 andere Dinge, die man statt dessen oder dazu noch tun kann. Freue mich \u00fcber eure Tipps dazu!<\/p>\n\n\n\n<figure class=\"wp-block-image\"><img loading=\"lazy\" decoding=\"async\" width=\"1024\" height=\"768\" src=\"http:\/\/www.any-where.de\/blog\/wp-content\/uploads\/2019\/10\/Matt_Agile-1024x768.jpg\" alt=\"\" class=\"wp-image-1352\" srcset=\"https:\/\/www.any-where.de\/blog\/wp-content\/uploads\/2019\/10\/Matt_Agile-1024x768.jpg 1024w, https:\/\/www.any-where.de\/blog\/wp-content\/uploads\/2019\/10\/Matt_Agile-400x300.jpg 400w, https:\/\/www.any-where.de\/blog\/wp-content\/uploads\/2019\/10\/Matt_Agile-768x576.jpg 768w\" sizes=\"auto, (max-width: 767px) 89vw, (max-width: 1000px) 54vw, (max-width: 1071px) 543px, 580px\" \/><\/figure>\n","protected":false},"excerpt":{"rendered":"<p>Meine pers\u00f6nliche Challenge ist es, mein Handeln zu bewusst wie m\u00f6glich zu gestalten. Dadurch m\u00f6chte ich als Coach und F\u00fchrungskraft den n\u00f6tigen Fokus auf meine Arbeit und die Menschen innerhalb meiner Organisation erreichen. Heute erz\u00e4hle ich davon, wie ich den Start des Tages mit einigen Ritualen versehen habe, die mir helfen, meine Sinne zu sch\u00e4rfen und mit einem gr\u00f6\u00dferen Bewusstsein durch den Tag zu gehen.<\/p>\n","protected":false},"author":2,"featured_media":0,"comment_status":"open","ping_status":"open","sticky":false,"template":"","format":"standard","meta":{"footnotes":""},"categories":[161,166,20],"tags":[],"class_list":["post-1343","post","type-post","status-publish","format-standard","hentry","category-agile","category-german","category-life"],"aioseo_notices":[],"_links":{"self":[{"href":"https:\/\/www.any-where.de\/blog\/wp-json\/wp\/v2\/posts\/1343","targetHints":{"allow":["GET"]}}],"collection":[{"href":"https:\/\/www.any-where.de\/blog\/wp-json\/wp\/v2\/posts"}],"about":[{"href":"https:\/\/www.any-where.de\/blog\/wp-json\/wp\/v2\/types\/post"}],"author":[{"embeddable":true,"href":"https:\/\/www.any-where.de\/blog\/wp-json\/wp\/v2\/users\/2"}],"replies":[{"embeddable":true,"href":"https:\/\/www.any-where.de\/blog\/wp-json\/wp\/v2\/comments?post=1343"}],"version-history":[{"count":10,"href":"https:\/\/www.any-where.de\/blog\/wp-json\/wp\/v2\/posts\/1343\/revisions"}],"predecessor-version":[{"id":1370,"href":"https:\/\/www.any-where.de\/blog\/wp-json\/wp\/v2\/posts\/1343\/revisions\/1370"}],"wp:attachment":[{"href":"https:\/\/www.any-where.de\/blog\/wp-json\/wp\/v2\/media?parent=1343"}],"wp:term":[{"taxonomy":"category","embeddable":true,"href":"https:\/\/www.any-where.de\/blog\/wp-json\/wp\/v2\/categories?post=1343"},{"taxonomy":"post_tag","embeddable":true,"href":"https:\/\/www.any-where.de\/blog\/wp-json\/wp\/v2\/tags?post=1343"}],"curies":[{"name":"wp","href":"https:\/\/api.w.org\/{rel}","templated":true}]}}