{"id":39,"date":"2008-07-25T21:09:51","date_gmt":"2008-07-25T20:09:51","guid":{"rendered":"http:\/\/www.le-matt.de\/blog\/global-warming\/"},"modified":"2008-07-25T21:09:51","modified_gmt":"2008-07-25T20:09:51","slug":"global-warming","status":"publish","type":"post","link":"https:\/\/www.any-where.de\/blog\/global-warming\/","title":{"rendered":"Global Warming."},"content":{"rendered":"<p>Sp\u00f6ttische Irlandbesucher behaupten, der Unterschied zwischen Sommer und Winter l\u00e4ge in der Temperatur des Regens. Im Sommer sei der eben warm und im Winter k\u00fchl. In diesem Jahr m\u00f6gen diese Wetterspezialisten durchaus Recht haben- nach einem tollen Fr\u00fchling und Sonne zwischen April und Mitte Juni befinden wir uns nun in einer Schlechtwetterphase. Der Wetterbericht sagt jeden Tag das gleiche voraus und er hat immer Recht, auch, wenn seine Vorhersagen etwas zu allgemein daher kommen: Ein wenig Sonne und Regen, Wolken auch und Wind gibts sowieso. Damit liegt man derzeit immer richtig. Dass sich der irische Wetterdienst damit nat\u00fcrlich auch klammheimlich aus der Verantwortung stiehlt, soll nicht weiter st\u00f6ren. Das Wetter ist hier durchaus aber nicht immer so. In diesem Jahr meckern die Iren dar\u00fcber genauso wie die Touristen, die Dublin bev\u00f6lkern.<\/p>\n<p>Ein wenig h\u00f6here Temperaturen und Sonne w\u00fcrden diesem Land sehr gut tun: Die Stimmung der Menschen w\u00fcrde sich schlagartig verbessern, in den Pubs k\u00f6nnte man drau\u00dfen sitzen und der Strand w\u00e4re auch ohne Winterjacke und Windschutz begehbar. Die Aussichten, diesen Zustand zu erreichen, sind gar nicht so schlecht- denn wir haben ja den Klimawandel! Der k\u00f6nnte wirklich zu meinem guten Freund und Irlands Wetter-Retter werden: Wir brauchen h\u00f6here Temperaturen. Vielleicht sollten wir, statt peinlich genau auf den m\u00f6glichst niedrigen Energieverbrauch aller Verbrauchsger\u00e4te zu achten, das genaue Gegenteil tun, damit die Sommer in Irland ein wenig sommerlicher werden. W\u00e4hrend ich das schreibe (es ist 15:00h und hell), brennt mein Licht, ich habe die Heizung aus Protest angeschaltet und die K\u00fchlschrankt\u00fcr offen gelassen. Mein kleiner Beitrag zum h\u00f6heren Energieverbrauch und folglich sch\u00f6neren Sommern in Irland.<\/p>\n<p>Vielleicht macht der eine oder andere ja noch mit und im n\u00e4chsten Jahr werden auch die Iren einmal mit 28 Grad im Schatten belohnt. Waste energy! Now! \ud83d\ude42<\/p>\n","protected":false},"excerpt":{"rendered":"<p>Sp\u00f6ttische Irlandbesucher behaupten, der Unterschied zwischen Sommer und Winter l\u00e4ge in der Temperatur des Regens. Im Sommer sei der eben warm und im Winter k\u00fchl. In diesem Jahr m\u00f6gen diese Wetterspezialisten durchaus Recht haben- nach einem tollen Fr\u00fchling und Sonne zwischen April und Mitte Juni befinden wir uns nun in einer Schlechtwetterphase. Der Wetterbericht sagt &hellip; <\/p>\n<p class=\"link-more\"><a href=\"https:\/\/www.any-where.de\/blog\/global-warming\/\" class=\"more-link\">Continue reading<span class=\"screen-reader-text\"> &#8220;Global Warming.&#8221;<\/span><\/a><\/p>\n","protected":false},"author":2,"featured_media":0,"comment_status":"open","ping_status":"open","sticky":false,"template":"","format":"standard","meta":{"footnotes":""},"categories":[13],"tags":[242,14],"class_list":["post-39","post","type-post","status-publish","format-standard","hentry","category-irland","tag-irland","tag-praktikum"],"aioseo_notices":[],"_links":{"self":[{"href":"https:\/\/www.any-where.de\/blog\/wp-json\/wp\/v2\/posts\/39","targetHints":{"allow":["GET"]}}],"collection":[{"href":"https:\/\/www.any-where.de\/blog\/wp-json\/wp\/v2\/posts"}],"about":[{"href":"https:\/\/www.any-where.de\/blog\/wp-json\/wp\/v2\/types\/post"}],"author":[{"embeddable":true,"href":"https:\/\/www.any-where.de\/blog\/wp-json\/wp\/v2\/users\/2"}],"replies":[{"embeddable":true,"href":"https:\/\/www.any-where.de\/blog\/wp-json\/wp\/v2\/comments?post=39"}],"version-history":[{"count":0,"href":"https:\/\/www.any-where.de\/blog\/wp-json\/wp\/v2\/posts\/39\/revisions"}],"wp:attachment":[{"href":"https:\/\/www.any-where.de\/blog\/wp-json\/wp\/v2\/media?parent=39"}],"wp:term":[{"taxonomy":"category","embeddable":true,"href":"https:\/\/www.any-where.de\/blog\/wp-json\/wp\/v2\/categories?post=39"},{"taxonomy":"post_tag","embeddable":true,"href":"https:\/\/www.any-where.de\/blog\/wp-json\/wp\/v2\/tags?post=39"}],"curies":[{"name":"wp","href":"https:\/\/api.w.org\/{rel}","templated":true}]}}